{"id":1110,"date":"2016-12-17T20:42:40","date_gmt":"2016-12-17T19:42:40","guid":{"rendered":"http:\/\/kawallaby.com\/?p=1110"},"modified":"2016-12-20T23:16:25","modified_gmt":"2016-12-20T22:16:25","slug":"decouverte-du-chateau-de-flers-et-cie-a-villeneuve-dascq","status":"publish","type":"post","link":"https:\/\/kawallaby.com\/index.php\/2016\/12\/17\/decouverte-du-chateau-de-flers-et-cie-a-villeneuve-dascq\/","title":{"rendered":"D\u00e9couverte du Ch\u00e2teau de Flers et Cie \u00e0 Villeneuve d&rsquo;Ascq"},"content":{"rendered":"<p>[et_pb_section admin_label=\u00a0\u00bbsection\u00a0\u00bb][et_pb_row admin_label=\u00a0\u00bbrow\u00a0\u00bb][et_pb_column type=\u00a0\u00bb2_3&Prime;][et_pb_text admin_label=\u00a0\u00bbTexte\u00a0\u00bb background_layout=\u00a0\u00bblight\u00a0\u00bb text_orientation=\u00a0\u00bbleft\u00a0\u00bb use_border_color=\u00a0\u00bboff\u00a0\u00bb border_color=\u00a0\u00bb#ffffff\u00a0\u00bb border_style=\u00a0\u00bbsolid\u00a0\u00bb]<\/p>\n<p>Une fois n&rsquo;est pas coutume, cette semaine est l&rsquo;occasion de <strong>nouvelles d\u00e9couvertes sur Villeneuve d&rsquo;Ascq !<\/strong> Au menu de cette vid\u00e9o (que tu peux retrouver en cliquant sur l&rsquo;image)\u00a0:<\/p>\n<p>[\/et_pb_text][\/et_pb_column][et_pb_column type=\u00a0\u00bb1_3&Prime;][et_pb_image admin_label=\u00a0\u00bbImage\u00a0\u00bb src=\u00a0\u00bbhttp:\/\/kawallaby.com\/wp-content\/uploads\/2016\/12\/MINIATURE-FINALE.png\u00a0\u00bb show_in_lightbox=\u00a0\u00bboff\u00a0\u00bb url=\u00a0\u00bbhttps:\/\/www.youtube.com\/watch?v=kvB09GU5u9M\u00a0\u00bb url_new_window=\u00a0\u00bbon\u00a0\u00bb use_overlay=\u00a0\u00bboff\u00a0\u00bb animation=\u00a0\u00bboff\u00a0\u00bb sticky=\u00a0\u00bboff\u00a0\u00bb align=\u00a0\u00bbleft\u00a0\u00bb force_fullwidth=\u00a0\u00bboff\u00a0\u00bb always_center_on_mobile=\u00a0\u00bbon\u00a0\u00bb use_border_color=\u00a0\u00bboff\u00a0\u00bb border_color=\u00a0\u00bb#ffffff\u00a0\u00bb border_style=\u00a0\u00bbsolid\u00a0\u00bb] [\/et_pb_image][\/et_pb_column][\/et_pb_row][et_pb_row admin_label=\u00a0\u00bbrow\u00a0\u00bb make_fullwidth=\u00a0\u00bboff\u00a0\u00bb use_custom_width=\u00a0\u00bboff\u00a0\u00bb width_unit=\u00a0\u00bbon\u00a0\u00bb use_custom_gutter=\u00a0\u00bboff\u00a0\u00bb padding_mobile=\u00a0\u00bboff\u00a0\u00bb allow_player_pause=\u00a0\u00bboff\u00a0\u00bb parallax=\u00a0\u00bboff\u00a0\u00bb parallax_method=\u00a0\u00bboff\u00a0\u00bb make_equal=\u00a0\u00bboff\u00a0\u00bb parallax_1=\u00a0\u00bboff\u00a0\u00bb parallax_method_1=\u00a0\u00bboff\u00a0\u00bb parallax_2=\u00a0\u00bboff\u00a0\u00bb parallax_method_2=\u00a0\u00bboff\u00a0\u00bb column_padding_mobile=\u00a0\u00bbon\u00a0\u00bb][et_pb_column type=\u00a0\u00bb4_4&Prime;][et_pb_text admin_label=\u00a0\u00bbTexte\u00a0\u00bb background_layout=\u00a0\u00bblight\u00a0\u00bb text_orientation=\u00a0\u00bbleft\u00a0\u00bb use_border_color=\u00a0\u00bboff\u00a0\u00bb border_color=\u00a0\u00bb#ffffff\u00a0\u00bb border_style=\u00a0\u00bbsolid\u00a0\u00bb]<\/p>\n<p>Achev\u00e9 en 1661 et propri\u00e9t\u00e9 du seigneur du Comt\u00e9, le<strong> Ch\u00e2teau de Flers<\/strong>, aussi appel\u00e9 Ferme d&rsquo;en bas car il fut utilis\u00e9 comme tel \u00e0 partir du XIXe si\u00e8cle,\u00a0accueille chaque ann\u00e9e le march\u00e9 de No\u00ebl de Villeneuve d&rsquo;Ascq. On y trouvera de nombreux commer\u00e7ant \u00e0 l&rsquo;int\u00e9rieur du b\u00e2timent tout comme dans de nombreux chalets. C&rsquo;est \u00e9galement ici que vous pourrez retrouver l&rsquo;office de tourisme de Villeneuve d&rsquo;Ascq, ainsi qu&rsquo;un petit mus\u00e9e sympathique et gratuit dans lequel sont pr\u00e9sent\u00e9s r\u00e9guli\u00e8rement diverses expo temporaires. Le lien vers le site officiel <a href=\"https:\/\/www.villeneuvedascq.fr\/musee_chateau_de_flers_.html\"><strong>ici<\/strong><\/a>.<\/p>\n<p>La <strong>Ferme d&rsquo;en Haut<\/strong> est un lieu d&rsquo;animations, de conf\u00e9rences et\u00a0d&rsquo;expositions plut\u00f4t branch\u00e9 (c&rsquo;est une ancienne Maison Folie de Lille 2004). On y retrouve m\u00eame\u00a0un estaminet ! Le lien officiel <a href=\"http:\/\/www.villeneuvedascq.fr\/ferme_haut.html\"><strong>ici<\/strong><\/a>.<\/p>\n<p>Enfin la fin de la vid\u00e9o sera l&rsquo;occasion d&rsquo;apercevoir un peu \u00e0 quoi peut ressembler la <strong>f\u00eate de St Nicolas<\/strong> dans ce quartier de Ch\u00e2teau-Flers.<\/p>\n<p>[\/et_pb_text][\/et_pb_column][\/et_pb_row][et_pb_row admin_label=\u00a0\u00bbrow\u00a0\u00bb make_fullwidth=\u00a0\u00bboff\u00a0\u00bb use_custom_width=\u00a0\u00bboff\u00a0\u00bb width_unit=\u00a0\u00bbon\u00a0\u00bb use_custom_gutter=\u00a0\u00bboff\u00a0\u00bb padding_mobile=\u00a0\u00bboff\u00a0\u00bb allow_player_pause=\u00a0\u00bboff\u00a0\u00bb parallax=\u00a0\u00bboff\u00a0\u00bb parallax_method=\u00a0\u00bboff\u00a0\u00bb make_equal=\u00a0\u00bboff\u00a0\u00bb parallax_1=\u00a0\u00bboff\u00a0\u00bb parallax_method_1=\u00a0\u00bboff\u00a0\u00bb parallax_2=\u00a0\u00bboff\u00a0\u00bb parallax_method_2=\u00a0\u00bboff\u00a0\u00bb column_padding_mobile=\u00a0\u00bbon\u00a0\u00bb][et_pb_column type=\u00a0\u00bb4_4&Prime;][et_pb_text admin_label=\u00a0\u00bbTexte\u00a0\u00bb background_layout=\u00a0\u00bblight\u00a0\u00bb text_orientation=\u00a0\u00bbleft\u00a0\u00bb use_border_color=\u00a0\u00bboff\u00a0\u00bb border_color=\u00a0\u00bb#ffffff\u00a0\u00bb border_style=\u00a0\u00bbsolid\u00a0\u00bb text_font_size=\u00a0\u00bb10&Prime; text_text_color=\u00a0\u00bb#5e5e5e\u00a0\u00bb]<\/p>\n<p>Auteur de l&rsquo;image : kawallaby.com<\/p>\n<p>[\/et_pb_text][\/et_pb_column][\/et_pb_row][\/et_pb_section]<\/p>\n","protected":false},"excerpt":{"rendered":"<p>Une fois n&rsquo;est pas coutume, cette semaine est l&rsquo;occasion de nouvelles d\u00e9couvertes sur Villeneuve d&rsquo;Ascq ! Au menu de cette vid\u00e9o (que tu peux retrouver en cliquant sur l&rsquo;image)\u00a0: Achev\u00e9 en 1661 et propri\u00e9t\u00e9 du seigneur du Comt\u00e9, le Ch\u00e2teau de Flers, aussi appel\u00e9 Ferme d&rsquo;en bas car il fut utilis\u00e9 comme tel \u00e0 partir [&hellip;]<\/p>\n","protected":false},"author":1,"featured_media":1118,"comment_status":"open","ping_status":"open","sticky":false,"template":"","format":"standard","meta":{"_et_pb_use_builder":"on","_et_pb_old_content":"","_et_gb_content_width":"","footnotes":""},"categories":[34,11],"tags":[],"_links":{"self":[{"href":"https:\/\/kawallaby.com\/index.php\/wp-json\/wp\/v2\/posts\/1110"}],"collection":[{"href":"https:\/\/kawallaby.com\/index.php\/wp-json\/wp\/v2\/posts"}],"about":[{"href":"https:\/\/kawallaby.com\/index.php\/wp-json\/wp\/v2\/types\/post"}],"author":[{"embeddable":true,"href":"https:\/\/kawallaby.com\/index.php\/wp-json\/wp\/v2\/users\/1"}],"replies":[{"embeddable":true,"href":"https:\/\/kawallaby.com\/index.php\/wp-json\/wp\/v2\/comments?post=1110"}],"version-history":[{"count":4,"href":"https:\/\/kawallaby.com\/index.php\/wp-json\/wp\/v2\/posts\/1110\/revisions"}],"predecessor-version":[{"id":1120,"href":"https:\/\/kawallaby.com\/index.php\/wp-json\/wp\/v2\/posts\/1110\/revisions\/1120"}],"wp:featuredmedia":[{"embeddable":true,"href":"https:\/\/kawallaby.com\/index.php\/wp-json\/wp\/v2\/media\/1118"}],"wp:attachment":[{"href":"https:\/\/kawallaby.com\/index.php\/wp-json\/wp\/v2\/media?parent=1110"}],"wp:term":[{"taxonomy":"category","embeddable":true,"href":"https:\/\/kawallaby.com\/index.php\/wp-json\/wp\/v2\/categories?post=1110"},{"taxonomy":"post_tag","embeddable":true,"href":"https:\/\/kawallaby.com\/index.php\/wp-json\/wp\/v2\/tags?post=1110"}],"curies":[{"name":"wp","href":"https:\/\/api.w.org\/{rel}","templated":true}]}}