{"id":835,"date":"2016-10-06T23:24:39","date_gmt":"2016-10-06T22:24:39","guid":{"rendered":"http:\/\/kawallaby.com\/?p=835"},"modified":"2016-10-11T19:31:23","modified_gmt":"2016-10-11T18:31:23","slug":"fete-de-la-science","status":"publish","type":"post","link":"https:\/\/kawallaby.com\/index.php\/2016\/10\/06\/fete-de-la-science\/","title":{"rendered":"F\u00eate de la science"},"content":{"rendered":"<p>[et_pb_section admin_label=\u00a0\u00bbsection\u00a0\u00bb][et_pb_row admin_label=\u00a0\u00bbLigne\u00a0\u00bb][et_pb_column type=\u00a0\u00bb4_4&Prime;][et_pb_text admin_label=\u00a0\u00bbTexte\u00a0\u00bb background_layout=\u00a0\u00bblight\u00a0\u00bb text_orientation=\u00a0\u00bbleft\u00a0\u00bb use_border_color=\u00a0\u00bboff\u00a0\u00bb border_color=\u00a0\u00bb#ffffff\u00a0\u00bb border_style=\u00a0\u00bbsolid\u00a0\u00bb]<\/p>\n<p>On y est ! A partir du 8 octobre, et jusqu&rsquo;au 16, c&rsquo;est la f\u00eate de la science,\u00a0organis\u00e9e par les universit\u00e9s et\u00a0les grandes \u00e9coles, ainsi que de nombreux acteurs de la vie scientifique tels que les associations, les mus\u00e9es, les biblioth\u00e8ques, etc. Alors il y a forc\u00e9ment beaucoup de choses \u00e0 faire et \u00e0 voir, notamment lors des week-end, donc autant bien organiser ses sorties en utilisant le <strong><a href=\"https:\/\/www.fetedelascience.fr\/\">site officiel<\/a><\/strong> de l&rsquo;\u00e9v\u00e9nement.<\/p>\n<p><strong>Sur Lille, on pourra notamment :<\/strong><\/p>\n<p>[\/et_pb_text][\/et_pb_column][\/et_pb_row][et_pb_row admin_label=\u00a0\u00bbLigne\u00a0\u00bb][et_pb_column type=\u00a0\u00bb1_2&Prime;][et_pb_text admin_label=\u00a0\u00bbGare Saint Sauveur\u00a0\u00bb background_layout=\u00a0\u00bblight\u00a0\u00bb text_orientation=\u00a0\u00bbleft\u00a0\u00bb use_border_color=\u00a0\u00bboff\u00a0\u00bb border_color=\u00a0\u00bb#ffffff\u00a0\u00bb border_style=\u00a0\u00bbsolid\u00a0\u00bb]<\/p>\n<p>Se rendre \u00e0 la <strong>gare Saint Sauveur<\/strong> pour y d\u00e9couvrir des ateliers et des animations sur le th\u00e8me de la nature en ville. Le cadre est g\u00e9nial, une ancienne gare de tri de marchandise r\u00e9habilit\u00e9e en centre d&rsquo;exposition moderne qui distille une atmosph\u00e8re urbaine propice \u00e0 la cr\u00e9ation et \u00e0 l&rsquo;\u00e9vasion. Que l&rsquo;on soit en terrasse ou \u00e0 l&rsquo;int\u00e9rieur du\u00a0bistrot de St So, ou encore\u00a0au sein du centre d&rsquo;exposition,\u00a0tout est v\u00eatu\u00a0de briques et de m\u00e9tal, \u00e0 tel point que l&rsquo;on pourrait s&rsquo;imaginer arpenter un de ces cast-irons buildings newyorkais ultra branch\u00e9.<\/p>\n<p>Et si vous avez le temps, la <strong><a href=\"http:\/\/maisonsfolie.lille.fr\/\">maison folie du quartier Moulins<\/a><\/strong> n&rsquo;est pas loin au 47\/49 rue d&rsquo;Arras. Vous pourrez admirer les oeuvres du collectifs <a href=\"http:\/\/flow.lille.fr\/all-event-list\/9eme-concept\/\"><strong>9\u00e8me Concept<\/strong><\/a>, tels que graffitis et collages muraux.<\/p>\n<p>[\/et_pb_text][\/et_pb_column][et_pb_column type=\u00a0\u00bb1_2&Prime;][et_pb_image admin_label=\u00a0\u00bbImage\u00a0\u00bb src=\u00a0\u00bbhttp:\/\/kawallaby.com\/wp-content\/uploads\/2016\/10\/gare-saint-sauveur.jpg\u00a0\u00bb title_text=\u00a0\u00bbgare Saint Sauveur\u00a0\u00bb show_in_lightbox=\u00a0\u00bboff\u00a0\u00bb url_new_window=\u00a0\u00bboff\u00a0\u00bb use_overlay=\u00a0\u00bboff\u00a0\u00bb animation=\u00a0\u00bboff\u00a0\u00bb sticky=\u00a0\u00bboff\u00a0\u00bb align=\u00a0\u00bbleft\u00a0\u00bb force_fullwidth=\u00a0\u00bboff\u00a0\u00bb always_center_on_mobile=\u00a0\u00bbon\u00a0\u00bb use_border_color=\u00a0\u00bboff\u00a0\u00bb border_color=\u00a0\u00bb#ffffff\u00a0\u00bb border_style=\u00a0\u00bbsolid\u00a0\u00bb] [\/et_pb_image][\/et_pb_column][\/et_pb_row][et_pb_row admin_label=\u00a0\u00bbLigne\u00a0\u00bb][et_pb_column type=\u00a0\u00bb1_2&Prime;][et_pb_image admin_label=\u00a0\u00bbImage\u00a0\u00bb src=\u00a0\u00bbhttp:\/\/kawallaby.com\/wp-content\/uploads\/2016\/10\/forumdds.jpg\u00a0\u00bb title_text=\u00a0\u00bbForum d\u00e9partemental des sciences\u00a0\u00bb show_in_lightbox=\u00a0\u00bboff\u00a0\u00bb url_new_window=\u00a0\u00bboff\u00a0\u00bb use_overlay=\u00a0\u00bboff\u00a0\u00bb animation=\u00a0\u00bboff\u00a0\u00bb sticky=\u00a0\u00bboff\u00a0\u00bb align=\u00a0\u00bbleft\u00a0\u00bb force_fullwidth=\u00a0\u00bboff\u00a0\u00bb always_center_on_mobile=\u00a0\u00bbon\u00a0\u00bb use_border_color=\u00a0\u00bboff\u00a0\u00bb border_color=\u00a0\u00bb#ffffff\u00a0\u00bb border_style=\u00a0\u00bbsolid\u00a0\u00bb] [\/et_pb_image][\/et_pb_column][et_pb_column type=\u00a0\u00bb1_2&Prime;][et_pb_text admin_label=\u00a0\u00bbForum d\u00e9partemental des sciences\u00a0\u00bb background_layout=\u00a0\u00bblight\u00a0\u00bb text_orientation=\u00a0\u00bbleft\u00a0\u00bb use_border_color=\u00a0\u00bboff\u00a0\u00bb border_color=\u00a0\u00bb#ffffff\u00a0\u00bb border_style=\u00a0\u00bbsolid\u00a0\u00bb]<\/p>\n<p>Tu pourras visiter le \u00ab\u00a0temple\u00a0\u00bb des sciences du d\u00e9partement, autrement nomm\u00e9 <strong><a href=\"http:\/\/www.forumdepartementaldessciences.fr\/\">Forum d\u00e9partemental des sciences<\/a> <\/strong>\u00e0 Villeneuve d&rsquo;Ascq, au 1 place de l&rsquo;H\u00f4tel de Ville. C&rsquo;est gratuit pour les moins de 18 ans, et gratuit pour tous de toute fa\u00e7on \u00e0 l&rsquo;occasion de la f\u00eate de la science, et c&rsquo;est surtout l&rsquo;occasion de d\u00e9couvrir un plan\u00e9tarium et des tonnes d&rsquo;animations, allant de la cuisine mol\u00e9culaire \u00e0 la vie d&rsquo;une \u00e9toile, en passant par la fabrique de l&rsquo;\u00e9lectricit\u00e9.<\/p>\n<p>[\/et_pb_text][\/et_pb_column][\/et_pb_row][et_pb_row admin_label=\u00a0\u00bbrow\u00a0\u00bb make_fullwidth=\u00a0\u00bboff\u00a0\u00bb use_custom_width=\u00a0\u00bboff\u00a0\u00bb width_unit=\u00a0\u00bbon\u00a0\u00bb use_custom_gutter=\u00a0\u00bboff\u00a0\u00bb padding_mobile=\u00a0\u00bboff\u00a0\u00bb allow_player_pause=\u00a0\u00bboff\u00a0\u00bb parallax=\u00a0\u00bboff\u00a0\u00bb parallax_method=\u00a0\u00bboff\u00a0\u00bb make_equal=\u00a0\u00bboff\u00a0\u00bb column_padding_mobile=\u00a0\u00bbon\u00a0\u00bb][et_pb_column type=\u00a0\u00bb4_4&Prime;][et_pb_text admin_label=\u00a0\u00bbtexte\u00a0\u00bb background_layout=\u00a0\u00bblight\u00a0\u00bb text_orientation=\u00a0\u00bbleft\u00a0\u00bb use_border_color=\u00a0\u00bboff\u00a0\u00bb border_color=\u00a0\u00bb#ffffff\u00a0\u00bb border_style=\u00a0\u00bbsolid\u00a0\u00bb]<\/p>\n<p>Il y a \u00e9galement de nombreuses autres d\u00e9couvertes possibles que tu pourras retrouver sur\u00a0<em><strong><a href=\"https:\/\/www.fetedelascience.fr\/pid35200\/recherche.html?textToSearch=&amp;selectedLocaGlobal=&amp;selectedDateGlobal=&amp;searchGlobal=true&amp;public=Ouvert+au+public&amp;lst_theme_g=&amp;lst_region_g=Hauts-de-France\">cette carte des \u00e9v\u00e9nements <\/a><\/strong><\/em>officielle, avec entre autre la visite\u00a0et l&rsquo;observation du ciel et de la Lune\u00a0avec la \u00ab\u00a0Lunette Jonckheere\u00a0\u00bb \u00e0 l&rsquo;<a href=\"https:\/\/www.fetedelascience.fr\/pid35201\/fiche-evenement.html?identifiant=94669778\"><strong>Observatoire de Lille<\/strong><\/a>,\u00a0la visite de <a href=\"https:\/\/www.fetedelascience.fr\/pid35201\/fiche-evenement.html?identifiant=49380752\">l&rsquo;<strong>ONERA de Lille<\/strong><\/a>, Centre fran\u00e7ais de la recherche a\u00e9ronautique et spatiale, ou encore celle de l&rsquo;<a href=\"https:\/\/www.fetedelascience.fr\/pid35201\/fiche-evenement.html?identifiant=49286615\"><strong>institut Pasteur de Lille<\/strong><\/a>.<\/p>\n<p>[\/et_pb_text][\/et_pb_column][\/et_pb_row][et_pb_row admin_label=\u00a0\u00bbrow\u00a0\u00bb make_fullwidth=\u00a0\u00bboff\u00a0\u00bb use_custom_width=\u00a0\u00bboff\u00a0\u00bb width_unit=\u00a0\u00bbon\u00a0\u00bb use_custom_gutter=\u00a0\u00bboff\u00a0\u00bb padding_mobile=\u00a0\u00bboff\u00a0\u00bb allow_player_pause=\u00a0\u00bboff\u00a0\u00bb parallax=\u00a0\u00bboff\u00a0\u00bb parallax_method=\u00a0\u00bboff\u00a0\u00bb make_equal=\u00a0\u00bboff\u00a0\u00bb column_padding_mobile=\u00a0\u00bbon\u00a0\u00bb][et_pb_column type=\u00a0\u00bb4_4&Prime;][et_pb_text admin_label=\u00a0\u00bbTexte\u00a0\u00bb background_layout=\u00a0\u00bblight\u00a0\u00bb text_orientation=\u00a0\u00bbleft\u00a0\u00bb text_font_size=\u00a0\u00bb11&Prime; use_border_color=\u00a0\u00bboff\u00a0\u00bb border_color=\u00a0\u00bb#ffffff\u00a0\u00bb border_style=\u00a0\u00bbsolid\u00a0\u00bb]<\/p>\n<p>Auteur de la photographie de la Cit\u00e9 des sciences et de l&rsquo;industrie : Eric Pouhier<\/p>\n<p>[\/et_pb_text][\/et_pb_column][\/et_pb_row][\/et_pb_section]<\/p>\n","protected":false},"excerpt":{"rendered":"<p>On y est ! A partir du 8 octobre, et jusqu&rsquo;au 16, c&rsquo;est la f\u00eate de la science,\u00a0organis\u00e9e par les universit\u00e9s et\u00a0les grandes \u00e9coles, ainsi que de nombreux acteurs de la vie scientifique tels que les associations, les mus\u00e9es, les biblioth\u00e8ques, etc. Alors il y a forc\u00e9ment beaucoup de choses \u00e0 faire et \u00e0 voir, [&hellip;]<\/p>\n","protected":false},"author":1,"featured_media":838,"comment_status":"closed","ping_status":"closed","sticky":false,"template":"","format":"standard","meta":{"_et_pb_use_builder":"on","_et_pb_old_content":"","_et_gb_content_width":"","footnotes":""},"categories":[34,11],"tags":[],"_links":{"self":[{"href":"https:\/\/kawallaby.com\/index.php\/wp-json\/wp\/v2\/posts\/835"}],"collection":[{"href":"https:\/\/kawallaby.com\/index.php\/wp-json\/wp\/v2\/posts"}],"about":[{"href":"https:\/\/kawallaby.com\/index.php\/wp-json\/wp\/v2\/types\/post"}],"author":[{"embeddable":true,"href":"https:\/\/kawallaby.com\/index.php\/wp-json\/wp\/v2\/users\/1"}],"replies":[{"embeddable":true,"href":"https:\/\/kawallaby.com\/index.php\/wp-json\/wp\/v2\/comments?post=835"}],"version-history":[{"count":13,"href":"https:\/\/kawallaby.com\/index.php\/wp-json\/wp\/v2\/posts\/835\/revisions"}],"predecessor-version":[{"id":890,"href":"https:\/\/kawallaby.com\/index.php\/wp-json\/wp\/v2\/posts\/835\/revisions\/890"}],"wp:featuredmedia":[{"embeddable":true,"href":"https:\/\/kawallaby.com\/index.php\/wp-json\/wp\/v2\/media\/838"}],"wp:attachment":[{"href":"https:\/\/kawallaby.com\/index.php\/wp-json\/wp\/v2\/media?parent=835"}],"wp:term":[{"taxonomy":"category","embeddable":true,"href":"https:\/\/kawallaby.com\/index.php\/wp-json\/wp\/v2\/categories?post=835"},{"taxonomy":"post_tag","embeddable":true,"href":"https:\/\/kawallaby.com\/index.php\/wp-json\/wp\/v2\/tags?post=835"}],"curies":[{"name":"wp","href":"https:\/\/api.w.org\/{rel}","templated":true}]}}